{"id":6835,"date":"2021-05-11T21:39:34","date_gmt":"2021-05-11T19:39:34","guid":{"rendered":"https:\/\/bellagirlmagazin.hu\/?p=6835"},"modified":"2024-04-08T12:39:51","modified_gmt":"2024-04-08T10:39:51","slug":"az-a-bizonyos-parazs","status":"publish","type":"post","link":"https:\/\/bellagirlmagazin.hu\/?p=6835","title":{"rendered":"Az a bizonyos par\u00e1zs"},"content":{"rendered":"<p style=\"text-align: justify;\"><strong>Az elm\u00falt napokban egy REFISZ (Reform\u00e1tus Fiatalok Sz\u00f6vets\u00e9ge) alkalmon vettem r\u00e9szt, ahol az igehirdet\u00e9s egy r\u00e9sze nagyon megfogott. Sokat gondolkodtam az\u00f3ta ezen a t\u00e9m\u00e1n \u00e9s szeretn\u00e9lek most t\u00e9ged is egy k\u00f6z\u00f6s elm\u00e9lked\u00e9sre h\u00edvni. <\/strong><strong>\u00c9s mi a t\u00e9ma? A keny\u00e9rszapor\u00edt\u00e1s.<\/strong><\/p>\n<p style=\"text-align: justify;\">Biztosan ismer\u0151s sz\u00e1modra a t\u00f6rt\u00e9net, ha m\u00e9gsem akkor M\u00e1t\u00e9 evang\u00e9lium\u00e1nak 14. fejezet\u00e9ben tal\u00e1lod. Sz\u00e1momra egy mondat volt, ami kiemelkedett a t\u00f6rt\u00e9netb\u0151l: \u201eNincs n\u00e1lunk m\u00e1s, csak \u00f6t keny\u00e9r \u00e9s k\u00e9t hal \u2014 felelt\u00e9k.\u201d (Mt. 14:17)<br \/>\nSokszor hajlamosak vagyunk arra, hogy lekicsinyelj\u00fck a saj\u00e1t er\u0151forr\u00e1sainkat, k\u00e9szs\u00e9geinket. B\u00e1r k\u00e9pesek lenn\u00e9nk el\u00e9rni egy bizonyos c\u00e9lt, egy \u00e1lmot, ink\u00e1bb bele sem fogunk, mert \u00fagy \u00e9rezz\u00fck, \u00fagysem lenn\u00e9nk hozz\u00e1 elegek. M\u00e1s tal\u00e1n igen\u2026 de mi? \u00c1, az elk\u00e9pzelhetetlen.<\/p>\n<p style=\"text-align: justify;\">Ezeknek a gondolatoknak nagyon sok oka lehet \u00e9s \u00e9rdemes a gy\u00f6ker\u00fcket felkutatni: honnan sz\u00e1rmaznak, mi\u00e9rt gondoljuk ezt? Most viszont ennek az Ig\u00e9nek egy m\u00e1sik aspektus\u00e1r\u00f3l gondolkodom.<\/p>\n<p style=\"text-align: justify;\">M\u00e9gpedig arr\u00f3l, hogy Isten milyen elk\u00e9pzelhetetlen\u00fcl gazdagon meg tudja \u00e1ldani azt a picit is, amit hajland\u00f3ak vagyunk Neki adni. <strong>M\u00e9g ha \u00fagyis \u00e9rezz\u00fck, hogy ez eml\u00edt\u00e9sre sem \u00e9rdemes, ez a kicsi tehets\u00e9g, kev\u00e9ske tud\u00e1s vagy apr\u00f3 cselekedet lehet, hogy m\u00e1snak az eg\u00e9sz napj\u00e1t, het\u00e9t vagy \u00e9let\u00e9t v\u00e1ltoztatja meg!<\/strong> H\u00e1ny embert tal\u00e1lunk a Bibli\u00e1ban, akinek a cselekedetei nyom\u00e1n \u00e9letek vettek \u00faj ir\u00e1nyt\u2026 Ak\u00e1r ha J\u00f3zsefre, D\u00e1nielre, Eszterre, P\u00e9terre vagy P\u00e1lra gondolok vagy az asszonyra, aki a k\u00fatt\u00f3l visszat\u00e9rve megosztotta a k\u00f6r\u00fcl\u00f6tte \u00e9l\u0151kkel a Megv\u00e1lt\u00f3r\u00f3l sz\u00f3l\u00f3 h\u00edrt\u2026 Vagy ott vannak azok az emberek, akik a bar\u00e1tjuk megment\u00e9s\u00e9\u00e9rt m\u00e9g a tet\u0151t is megbontott\u00e1k. A sor nagyon hossz\u00fa, a Biblia tele van ilyen szem\u00e9lyekkel. <strong>\u00c9s nem is kell felt\u00e9tlen\u00fcl hatalmas cselekedetnek lennie ahhoz, hogy Isten fel tudja haszn\u00e1lni m\u00e1sok \u00e9let\u00e9ben. Hiszen J\u00e9zusnak is csak \u00f6t kenyeret \u00e9s k\u00e9t halat adtak, h\u00e1t mi az annyi embernek? \u00c9s m\u00e9gis. \u0150 meg\u00e1ldotta \u00e9s megsokas\u00edtotta. Ahogy a mi hittel \u00e9s szeretettel megtett l\u00e9p\u00e9seinket is megteheti.<\/strong><\/p>\n<p style=\"text-align: justify;\">Igen \u2013 mondhatod erre \u2013 ok\u00e9, ez a Bibli\u00e1ban van, \u00e9n viszont a mai modernkorban \u00e9lek, mit tehetn\u00e9k \u00e9n, mezei ember? Ez a lelk\u00e9szek, papok \u00e9s p\u00e1sztorok dolga, nem? Hogy megt\u00e9r\u00edtsenek embereket meg okosan besz\u00e9ljenek az Ig\u00e9r\u0151l.<\/p>\n<p style=\"text-align: justify;\">Nem eg\u00e9szen. Mint h\u00edv\u0151, kereszt\u00e9ny emberek, Isten megv\u00e1ltott gyermekeik\u00e9nt sz\u00e1munkra is lehet\u0151s\u00e9g \u00e9s Istent\u0151l kapott feladat, hogy beh\u00edvjuk a k\u00f6r\u00fcl\u00f6tt\u00fcnk l\u00e9v\u0151ket Isten orsz\u00e1g\u00e1ba, a Vele \u00e9s egym\u00e1ssal val\u00f3 k\u00f6z\u00f6ss\u00e9gbe. De nem felt\u00e9tlen\u00fcl arra gondolok ezzel, hogy innent\u0151l kezdve mindannyian utcai misszi\u00f3ra kell indulnunk. <strong>Sokszor egy egyszer\u0171, figyelemmel \u00e9s szeretettel teli gesztus t\u00f6bbet \u00e9r ezer sz\u00f3n\u00e1l. Az, hogy t\u00e9nyleg \u00e9rdekel, hogy mi t\u00f6rt\u00e9nik a m\u00e1sikkal, hogy bizalommal vagyok fel\u00e9 \u00e9s \u0151 megb\u00edzhat bennem. Az, hogy b\u00e1tor\u00edtom \u00e9s elfogadom \u0151t minden hib\u00e1j\u00e1val egy\u00fctt, mert tudom, hogy \u00e9n is egy kegyelemre szorul\u00f3 b\u0171n\u00f6s ember vagyok.<\/strong> Az, hogy le\u00fcl\u00f6k mell\u00e9 a b\u00e1nat\u00e1ban \u00e9s ak\u00e1r csak csendben mellette vagyok, \u00e9s vele egy\u00fctt ujjongok az \u00f6r\u00f6m\u00e9ben. Nem len\u00e9zem \u0151t, nem m\u00e9rem m\u00e1sokhoz vagy \u00f6nmagamhoz, nem k\u00e9rem sz\u00e1mon, nem akarom ir\u00e1ny\u00edtani vagy kioktatni. <strong>Egyszer\u0171en emberk\u00e9nt vagyok mellette. Isten emberek\u00e9nt. \u00c9s engedem, hogy \u00e1tfolyjon rajtam kereszt\u00fcl az Atya szeretete, kegyelme \u00e9s irgalma.<\/strong><br \/>\nNa de akkor m\u00e9gis mire gondolok, amikor ezekr\u0151l a magasztos cselekedetekr\u0151l besz\u00e9lek?<\/p>\n<p style=\"text-align: justify;\">Az \u00e9n \u00e9letemben nagyon fontos szerepet j\u00e1tszottak olyan emberek, akikr\u0151l tudtam, hogy el\u00e9rhet\u0151ek \u00e9s minden hittel kapcsolatos k\u00e9rd\u00e9semre k\u00e9szs\u00e9gesen, legjobb tud\u00e1suk \u00e9s hit\u00fck szerint v\u00e1laszolnak. Vagy p\u00e9ld\u00e1ul az a fiatal f\u00e9rfi, akivel egy orvosi rendel\u0151ben besz\u00e9lget\u00e9sbe elegyedtem \u00e9s megosztotta velem, hogy az orvosok 2-3 \u00e9vet j\u00f3solnak neki egy ritka allergia miatt. Mindezek ellen\u00e9re hatalmas b\u00e9kess\u00e9g \u00e9s \u00f6r\u00f6m \u00e1radt bel\u0151le. A besz\u00e9lget\u00e9s ut\u00e1n pedig csendben el\u0151vette a Bibli\u00e1j\u00e1t ott, a v\u00e1r\u00f3terem k\u00f6zep\u00e9n \u00e9s elkezdte olvasni az addigra m\u00e1r telejegyzetelt lapokat. Vagy az a tan\u00e1r, aki b\u00e1rmilyen neh\u00e9z helyzeten ment is kereszt\u00fcl, mindig meg tudta \u0151rizni az \u00f6r\u00f6m\u00e9t \u00e9s szeretet\u00e9t, ami er\u0151s hit\u00e9b\u0151l fakadt. Ezt hozta be az \u00f3r\u00e1kra \u00e9s ezzel j\u00e1rt k\u00f6z\u00f6tt\u00fcnk.<\/p>\n<p style=\"text-align: justify;\">Sokszor nem is gondoln\u00e1 az ember, hogy mi mindennel tud <strong>parazsat gy\u0171jteni m\u00e1sok fej\u00e9re<\/strong>. Ezt a k\u00e9pet a R\u00f3mai lev\u00e9l 12. fejezet\u00e9ben tal\u00e1lhatjuk, ahol P\u00e1l arr\u00f3l \u00edr, hogy hogyan kapcsol\u00f3dhatunk a k\u00f6r\u00fcl\u00f6tt\u00fcnk \u00e9l\u0151kh\u00f6z, m\u00e9g olyan emberekhez is, akik ellens\u00e9gesek vel\u00fcnk. Kiemeli, hogy \u201eS\u0151t, ha \u00e9hezik ellens\u00e9ged, adj ennie, ha szomjazik, adj innia; mert ha ezt teszed, parazsat gy\u0171jtesz a fej\u00e9re.\u201d <strong>Az \u00f3korban gyufa, \u00f6ngy\u00fajt\u00f3, radi\u00e1tor, de h\u0171t\u0151-f\u0171t\u0151 l\u00e9gkondi h\u00edj\u00e1n meg v\u00e9gk\u00e9pp l\u00e9tsz\u00fcks\u00e9glet volt a t\u0171z.<\/strong> A t\u00fczet rendszeresen \u00fajra kellett \u00e9leszteni, \u00fcgyelni kellett, hogy ki ne aludjon. Viszont ha m\u00e9gis kialudt vagy elmentek otthonr\u00f3l \u00e9s el kellett oltani, akkor a h\u00e1z lak\u00f3i a szomsz\u00e9dok seg\u00edts\u00e9g\u00e9re szorultak. A k\u00f6r\u00fcl\u00f6tt\u00fck \u00e9l\u0151k ilyen m\u00f3don a tov\u00e1bbi meg\u00e9lhet\u00e9st, az \u00e9telek elk\u00e9sz\u00edt\u00e9s\u00e9t, a meleget, a tisztas\u00e1got tett\u00e9k lehet\u0151v\u00e9, ha adtak egy kis parazsat a saj\u00e1tjukb\u00f3l, amit a szomsz\u00e9d a fej\u00e9n hordozhat\u00f3 ed\u00e9nyben haza vihetett. Ebben az \u00e9rtelmez\u00e9sben ez az igeszakasz, ez a k\u00e9p egy\u00e1ltal\u00e1n nem a m\u00e1sik megsz\u00e9gyen\u00edt\u00e9s\u00e9r\u0151l sz\u00f3l, vagy arr\u00f3l, hogy majd \u00e9n megmutatom, hogy \u00e9n m\u00e9g veled is hajland\u00f3 vagyok rendes lenni. <strong>Ha j\u00f3l megn\u00e9zz\u00fck, nem is r\u00f3lam sz\u00f3l az eg\u00e9sz gondolat, nem az \u00e9n \u00e9rz\u00e9seimr\u0151l, hogy kedvelem-e a m\u00e1sikat vagy meg akarom-e gy\u0151zni valamir\u0151l. <\/strong><strong>Sokkal ink\u00e1bb arr\u00f3l, hogy k\u00e9pes vagyok-e a saj\u00e1t szeretetemb\u0151l, az otthonomb\u00f3l, a jelenl\u00e9temb\u0151l adni sz\u00e1m\u00e1ra, amib\u0151l er\u0151t tud mer\u00edteni, ami \u0151t tov\u00e1bb tudja vinni az \u00e9letben.<\/strong><\/p>\n<p style=\"text-align: justify;\">Milyen sok ilyen apr\u00f3s\u00e1g van, amivel meg tudjuk a m\u00e1sikat aj\u00e1nd\u00e9kozni; egy kis melegs\u00e9ggel, egy par\u00e1zsnyi t\u0171zzel. Ami megtart\u00f3 er\u0151 lehet sz\u00e1m\u00e1ra, az utols\u00f3 szikra egy fagyos, mag\u00e1nyos, rem\u00e9nytelennek t\u0171n\u0151 helyzetben.<\/p>\n<p style=\"text-align: justify;\">Nos, rem\u00e9lem mostanra r\u00e1d is \u00e1tragadt a lelkesed\u00e9sem, kedves Bellal\u00e1ny. Olyan fantasztikus volna, ha tudn\u00e1nk \u00e9let\u00fcnk minden ter\u00fclet\u00e9n, ak\u00e1r a gy\u00fclekezeteinkben, ak\u00e1r az iskol\u00e1ban, egyetemen, bar\u00e1ti k\u00f6r\u00fcnkben, munkahelyen, csal\u00e1dban, de m\u00e9g az utc\u00e1n is Isten eme szeretet\u00e9vel \u00e9s figyelm\u00e9vel jelen lenni! <strong>Hogy meg\u00e9rezz\u00e9k rajtunk az emberek az otthon meleg\u00e9t, \u00e9s az \u00e9let\u00fcnket n\u00e9zve ne egy t\u00e1voli, szigor\u00fa, hideg Istent l\u00e1ssanak. Hanem sokkal ink\u00e1bb megtapasztalhass\u00e1k azt a bizonyos parazsat\u2026<\/strong><\/p>\n<p style=\"text-align: justify;\">Fannygirl<\/p>\n","protected":false},"excerpt":{"rendered":"<p>Az elm\u00falt napokban egy REFISZ (Reform\u00e1tus Fiatalok Sz\u00f6vets\u00e9ge) alkalmon vettem r\u00e9szt, ahol az igehirdet\u00e9s egy r\u00e9sze nagyon megfogott. Sokat gondolkodtam az\u00f3ta ezen a t\u00e9m\u00e1n \u00e9s szeretn\u00e9lek most t\u00e9ged is egy k\u00f6z\u00f6s elm\u00e9lked\u00e9sre h\u00edvni. \u00c9s mi a t\u00e9ma? A keny\u00e9rszapor\u00edt\u00e1s. Biztosan ismer\u0151s sz\u00e1modra a t\u00f6rt\u00e9net, ha m\u00e9gsem akkor M\u00e1t\u00e9 evang\u00e9lium\u00e1nak 14. fejezet\u00e9ben tal\u00e1lod. Sz\u00e1momra egy mondat&#8230;<a class=\"btnReadMore blake-von-hauer-font-3\" href=\"https:\/\/bellagirlmagazin.hu\/?p=6835\"> \/ TOV\u00c1BB OLVASOM \/<\/a><\/p>\n","protected":false},"author":21,"featured_media":6836,"comment_status":"open","ping_status":"closed","sticky":false,"template":"","format":"standard","meta":{"ngg_post_thumbnail":0,"footnotes":"","jetpack_publicize_message":"","jetpack_publicize_feature_enabled":true,"jetpack_social_post_already_shared":true,"jetpack_social_options":{"image_generator_settings":{"template":"highway","enabled":false}}},"categories":[422],"tags":[74,47,84,91,56],"jetpack_publicize_connections":[],"aioseo_notices":[],"jetpack_featured_media_url":"https:\/\/i0.wp.com\/bellagirlmagazin.hu\/wp-content\/uploads\/2021\/05\/almos-bechtold-gfgwx3o8bti-unsplash-scaled.jpg?fit=2560%2C1707&ssl=1","views":"","jetpack-related-posts":[],"jetpack_sharing_enabled":true,"_links":{"self":[{"href":"https:\/\/bellagirlmagazin.hu\/index.php?rest_route=\/wp\/v2\/posts\/6835"}],"collection":[{"href":"https:\/\/bellagirlmagazin.hu\/index.php?rest_route=\/wp\/v2\/posts"}],"about":[{"href":"https:\/\/bellagirlmagazin.hu\/index.php?rest_route=\/wp\/v2\/types\/post"}],"author":[{"embeddable":true,"href":"https:\/\/bellagirlmagazin.hu\/index.php?rest_route=\/wp\/v2\/users\/21"}],"replies":[{"embeddable":true,"href":"https:\/\/bellagirlmagazin.hu\/index.php?rest_route=%2Fwp%2Fv2%2Fcomments&post=6835"}],"version-history":[{"count":5,"href":"https:\/\/bellagirlmagazin.hu\/index.php?rest_route=\/wp\/v2\/posts\/6835\/revisions"}],"predecessor-version":[{"id":6841,"href":"https:\/\/bellagirlmagazin.hu\/index.php?rest_route=\/wp\/v2\/posts\/6835\/revisions\/6841"}],"wp:featuredmedia":[{"embeddable":true,"href":"https:\/\/bellagirlmagazin.hu\/index.php?rest_route=\/wp\/v2\/media\/6836"}],"wp:attachment":[{"href":"https:\/\/bellagirlmagazin.hu\/index.php?rest_route=%2Fwp%2Fv2%2Fmedia&parent=6835"}],"wp:term":[{"taxonomy":"category","embeddable":true,"href":"https:\/\/bellagirlmagazin.hu\/index.php?rest_route=%2Fwp%2Fv2%2Fcategories&post=6835"},{"taxonomy":"post_tag","embeddable":true,"href":"https:\/\/bellagirlmagazin.hu\/index.php?rest_route=%2Fwp%2Fv2%2Ftags&post=6835"}],"curies":[{"name":"wp","href":"https:\/\/api.w.org\/{rel}","templated":true}]}}