{"id":6229,"date":"2021-01-13T17:09:08","date_gmt":"2021-01-13T16:09:08","guid":{"rendered":"https:\/\/bellagirlmagazin.hu\/?p=6229"},"modified":"2024-04-08T12:49:34","modified_gmt":"2024-04-08T10:49:34","slug":"ki-vagyok-en","status":"publish","type":"post","link":"https:\/\/bellagirlmagazin.hu\/?p=6229","title":{"rendered":"Ki vagyok \u00e9n?"},"content":{"rendered":"<p><strong>A szakemberek szerint a tin\u00e9dzserkor velej\u00e1r\u00f3ja az identit\u00e1s keres\u00e9se, a v\u00e1ltoz\u00e1s \u00e9s az addig megszokott dolgok megk\u00e9rd\u0151jelez\u00e9se. Sz\u00e1momra ez a k\u00e9rd\u00e9s okozott a legnagyobb fejt\u00f6r\u00e9st:<\/strong><br \/>\n<strong>ki vagyok \u00e9n?<\/strong><\/p>\n<p>Te gondolkodt\u00e1l m\u00e1r el ezen a k\u00e9rd\u00e9sen? Milyennek gondolod magad? Szerethet\u0151nek? Vagy olyannak, akivel mindig csak a probl\u00e9ma van? K\u00fcl\u00f6nlegesnek? Vagy csak egynek a t\u00f6bb ezer \u00e1tlagos di\u00e1kl\u00e1nyb\u00f3l?<br \/>\nMindig is \u00e9rdekelt, mit gondolnak r\u00f3lam m\u00e1sok. A suliban a tan\u00e1rok egy j\u00f3l nevelt, okos \u00e9s kedves di\u00e1kot l\u00e1ttak; a bar\u00e1taim egy kiss\u00e9 f\u00e9l\u00e9nk, de folyton csacsog\u00f3 tinit; a sz\u00fcleim pedig&#8230;. a szem\u00fck f\u00e9ny\u00e9t. \u00c9s ezek a v\u00e9lem\u00e9nyek hat\u00e1roztak meg engem. Ha nem a legtrendibb ruh\u00e1ban voltam, az oszt\u00e1lyban nem figyeltek fel r\u00e1m, amikor rosszabb jegyet kaptam a dolgozatra, l\u00e1ttam a tan\u00e1rok szem\u00e9ben a meglep\u0151d\u00e9st, \u00e9s persze a kamaszkori hisztik sem maradhattak el itthon. Sz\u00f3val, sokszor \u00e9reztem azt, hogy semmireval\u00f3 \u00e9s \u00e9rt\u00e9ktelen vagyok. Persze senki nem mondott ilyet nekem, \u00e9n m\u00e9gis \u00edgy gondoltam. Azt\u00e1n egy nap megtorpantam \u00e9s feltettem a k\u00e9rd\u00e9st magamnak: Biztos, hogy j\u00f3 helyen keresem a v\u00e1laszokat a k\u00e9rd\u00e9seimre? T\u00e9nyleg ilyen vagyok? Csak ennyi?<\/p>\n<p>Ekkor odafordultam Istenhez. Istenem, Te mit gondolsz r\u00f3lam? Megh\u00f6kkent\u0151 m\u00f3don az \u0150 v\u00e9lem\u00e9nye egy\u00e1ltal\u00e1n nem hasonl\u00edtott a magamr\u00f3l alkotott k\u00e9phez. M\u00edg \u00e9n egy lev\u00e9ltelen, kicsike f\u00e1t l\u00e1ttam, addig \u0150 egy r\u00fcgyez\u0151, z\u00f6ldell\u0151 csod\u00e1t. \u00c9n egy \u00e1tlagos tinit l\u00e1ttam a t\u00fck\u00f6rben, \u0150 pedig egy gy\u00f6ny\u00f6r\u0171 teremtm\u00e9nyt. Azt mondta, hogy az \u0150 v\u00e1lasztott nemzets\u00e9g\u00e9nek tagja vagyok (1 P\u00e9ter 2) \u00e9s egy\u00e1ltal\u00e1n nem tart gyeng\u00e9nek vagy sz\u00fcrke kiseg\u00e9rnek, s\u0151t! \u201eEr\u0151 \u00e9s m\u00e9lt\u00f3s\u00e1g \u00e1rad r\u00f3la, \u00e9s nevetve n\u00e9z a holnap el\u00e9.\u201d (P\u00e9ld 31) H\u0171\u0171\u0171\u0171, teljesen led\u00f6bbentem. De ugye nem viccelsz, Aty\u00e1m? Persze, hogy k\u00e9telkedtem, hiszen \u0150 jobban ismer engem, mint \u00e9n saj\u00e1t magamat. Ennyire szeretsz? T\u00e9nyleg ilyennek l\u00e1tsz engem? Hiszen annyi hib\u00e1m \u00e9s hi\u00e1nyoss\u00e1gom van! Ezt azt\u00e1n v\u00e9gk\u00e9pp nem \u00e9rdemlem meg! De Isten \u00fajra \u00e9s \u00fajra kijelentette, hogy milyen fontos vagyok a sz\u00e1m\u00e1ra.<\/p>\n<blockquote><p>\n\u201eKiv\u00e1lasztottalak, nem vetlek meg! Ne f\u00e9lj, mert \u00e9n veled vagyok, ne cs\u00fcggedj, mert \u00e9n vagyok Istened! Meger\u0151s\u00edtelek, meg is seg\u00edtlek, s\u0151t gy\u0151zelmes jobbommal t\u00e1mogatlak. \u201e(\u00c9zs 41:10)<\/p><\/blockquote>\n<p>T\u00f6bb\u00e9 nem tudott \u00e9rdekelni, hogy mit gondolnak r\u00f3lam m\u00e1sok, hiszen tudtam, csak egy Valaki hat\u00e1rozhat meg engem. A Teremt\u0151m, aki m\u00e1r anyuk\u00e1m m\u00e9h\u00e9ben l\u00e1tta, hogyan form\u00e1l\u00f3dom (Zsolt 139:13) \u00e9s c\u00e9llal teremtett olyannak, amilyennek. Mi\u00e9rt is hadakozn\u00e9k az \u0150 terve ellen?<\/p>\n<p>Lehet te is k\u00e9telkedt\u00e9l m\u00e1r a saj\u00e1t \u00e9rt\u00e9keidben, elgondolkodt\u00e1l m\u00e1r azon, hogy milyen is vagy val\u00f3j\u00e1ban, vagy mi a c\u00e9lod az \u00e9letben. B\u00e1tor\u00edtalak arra, hogy merj k\u00e9rdezni! Merj b\u00e1tran odamenni ahhoz, Aki megalkotott T\u00e9ged a saj\u00e1t k\u00e9pm\u00e1s\u00e1ra \u00e9s tedd fel a k\u00e9rd\u00e9seidet! Nyisd fel Isten ig\u00e9j\u00e9t \u00e9s olvasd figyelmes sz\u00edvvel, mit is mond r\u00f3lad az \u00dar! Meg fogsz d\u00f6bbenni a szavait\u00f3l. Azt\u00e1n pedig tedd fel magadnak a k\u00e9rd\u00e9st \u00fajra: Ki vagyok \u00e9n?<\/p>\n<p>K\u00edv\u00e1ncsi vagyok a gondolataidra. Mit \u00e9rezt\u00e9l, amikor az \u00c9zsai\u00e1s k\u00f6nyv\u00e9b\u0151l id\u00e9zett ig\u00e9t olvastad? \u00dajdons\u00e1g volt sz\u00e1modra Isten szemsz\u00f6g\u00e9b\u0151l l\u00e1tni az \u00e9leted? El mered hinni mindezt Istennek?<\/p>\n<p><img loading=\"lazy\" decoding=\"async\" data-attachment-id=\"6135\" data-permalink=\"https:\/\/bellagirlmagazin.hu\/?attachment_id=6135\" data-orig-file=\"https:\/\/i0.wp.com\/bellagirlmagazin.hu\/wp-content\/uploads\/2020\/11\/nevjegy-fannygirl.png?fit=2244%2C472&amp;ssl=1\" data-orig-size=\"2244,472\" data-comments-opened=\"1\" data-image-meta=\"{&quot;aperture&quot;:&quot;0&quot;,&quot;credit&quot;:&quot;&quot;,&quot;camera&quot;:&quot;&quot;,&quot;caption&quot;:&quot;&quot;,&quot;created_timestamp&quot;:&quot;0&quot;,&quot;copyright&quot;:&quot;&quot;,&quot;focal_length&quot;:&quot;0&quot;,&quot;iso&quot;:&quot;0&quot;,&quot;shutter_speed&quot;:&quot;0&quot;,&quot;title&quot;:&quot;&quot;,&quot;orientation&quot;:&quot;0&quot;}\" data-image-title=\"nevjegy_FANNYGIRL\" data-image-description=\"\" data-image-caption=\"\" data-medium-file=\"https:\/\/i0.wp.com\/bellagirlmagazin.hu\/wp-content\/uploads\/2020\/11\/nevjegy-fannygirl.png?fit=300%2C63&amp;ssl=1\" data-large-file=\"https:\/\/i0.wp.com\/bellagirlmagazin.hu\/wp-content\/uploads\/2020\/11\/nevjegy-fannygirl.png?fit=1024%2C215&amp;ssl=1\" class=\"alignleft size-large wp-image-6135\" src=\"https:\/\/i0.wp.com\/bellagirlmagazin.hu\/wp-content\/uploads\/2020\/11\/nevjegy-fannygirl.png?resize=810%2C170&#038;ssl=1\" alt=\"\" width=\"810\" height=\"170\" srcset=\"https:\/\/i0.wp.com\/bellagirlmagazin.hu\/wp-content\/uploads\/2020\/11\/nevjegy-fannygirl.png?resize=1024%2C215&amp;ssl=1 1024w, https:\/\/i0.wp.com\/bellagirlmagazin.hu\/wp-content\/uploads\/2020\/11\/nevjegy-fannygirl.png?resize=300%2C63&amp;ssl=1 300w, https:\/\/i0.wp.com\/bellagirlmagazin.hu\/wp-content\/uploads\/2020\/11\/nevjegy-fannygirl.png?resize=768%2C162&amp;ssl=1 768w, https:\/\/i0.wp.com\/bellagirlmagazin.hu\/wp-content\/uploads\/2020\/11\/nevjegy-fannygirl.png?resize=600%2C126&amp;ssl=1 600w, https:\/\/i0.wp.com\/bellagirlmagazin.hu\/wp-content\/uploads\/2020\/11\/nevjegy-fannygirl.png?resize=1536%2C323&amp;ssl=1 1536w, https:\/\/i0.wp.com\/bellagirlmagazin.hu\/wp-content\/uploads\/2020\/11\/nevjegy-fannygirl.png?resize=2048%2C431&amp;ssl=1 2048w, https:\/\/i0.wp.com\/bellagirlmagazin.hu\/wp-content\/uploads\/2020\/11\/nevjegy-fannygirl.png?resize=810%2C170&amp;ssl=1 810w, https:\/\/i0.wp.com\/bellagirlmagazin.hu\/wp-content\/uploads\/2020\/11\/nevjegy-fannygirl.png?resize=1140%2C240&amp;ssl=1 1140w\" sizes=\"(max-width: 810px) 100vw, 810px\" data-recalc-dims=\"1\" \/><\/p>\n","protected":false},"excerpt":{"rendered":"<p>A szakemberek szerint a tin\u00e9dzserkor velej\u00e1r\u00f3ja az identit\u00e1s keres\u00e9se, a v\u00e1ltoz\u00e1s \u00e9s az addig megszokott dolgok megk\u00e9rd\u0151jelez\u00e9se. Sz\u00e1momra ez a k\u00e9rd\u00e9s okozott a legnagyobb fejt\u00f6r\u00e9st: ki vagyok \u00e9n? Te gondolkodt\u00e1l m\u00e1r el ezen a k\u00e9rd\u00e9sen? Milyennek gondolod magad? Szerethet\u0151nek? Vagy olyannak, akivel mindig csak a probl\u00e9ma van? K\u00fcl\u00f6nlegesnek? Vagy csak egynek a t\u00f6bb ezer \u00e1tlagos&#8230;<a class=\"btnReadMore blake-von-hauer-font-3\" href=\"https:\/\/bellagirlmagazin.hu\/?p=6229\"> \/ TOV\u00c1BB OLVASOM \/<\/a><\/p>\n","protected":false},"author":21,"featured_media":6232,"comment_status":"open","ping_status":"closed","sticky":false,"template":"","format":"standard","meta":{"ngg_post_thumbnail":0,"footnotes":"","jetpack_publicize_message":"","jetpack_publicize_feature_enabled":true,"jetpack_social_post_already_shared":true,"jetpack_social_options":{"image_generator_settings":{"template":"highway","enabled":false}}},"categories":[420],"tags":[],"jetpack_publicize_connections":[],"aioseo_notices":[],"jetpack_featured_media_url":"https:\/\/i0.wp.com\/bellagirlmagazin.hu\/wp-content\/uploads\/2021\/01\/fannygirlnevjegy1.png?fit=2953%2C2953&ssl=1","views":"","jetpack-related-posts":[],"jetpack_sharing_enabled":true,"_links":{"self":[{"href":"https:\/\/bellagirlmagazin.hu\/index.php?rest_route=\/wp\/v2\/posts\/6229"}],"collection":[{"href":"https:\/\/bellagirlmagazin.hu\/index.php?rest_route=\/wp\/v2\/posts"}],"about":[{"href":"https:\/\/bellagirlmagazin.hu\/index.php?rest_route=\/wp\/v2\/types\/post"}],"author":[{"embeddable":true,"href":"https:\/\/bellagirlmagazin.hu\/index.php?rest_route=\/wp\/v2\/users\/21"}],"replies":[{"embeddable":true,"href":"https:\/\/bellagirlmagazin.hu\/index.php?rest_route=%2Fwp%2Fv2%2Fcomments&post=6229"}],"version-history":[{"count":2,"href":"https:\/\/bellagirlmagazin.hu\/index.php?rest_route=\/wp\/v2\/posts\/6229\/revisions"}],"predecessor-version":[{"id":6233,"href":"https:\/\/bellagirlmagazin.hu\/index.php?rest_route=\/wp\/v2\/posts\/6229\/revisions\/6233"}],"wp:featuredmedia":[{"embeddable":true,"href":"https:\/\/bellagirlmagazin.hu\/index.php?rest_route=\/wp\/v2\/media\/6232"}],"wp:attachment":[{"href":"https:\/\/bellagirlmagazin.hu\/index.php?rest_route=%2Fwp%2Fv2%2Fmedia&parent=6229"}],"wp:term":[{"taxonomy":"category","embeddable":true,"href":"https:\/\/bellagirlmagazin.hu\/index.php?rest_route=%2Fwp%2Fv2%2Fcategories&post=6229"},{"taxonomy":"post_tag","embeddable":true,"href":"https:\/\/bellagirlmagazin.hu\/index.php?rest_route=%2Fwp%2Fv2%2Ftags&post=6229"}],"curies":[{"name":"wp","href":"https:\/\/api.w.org\/{rel}","templated":true}]}}