{"id":5594,"date":"2020-01-21T13:31:44","date_gmt":"2020-01-21T12:31:44","guid":{"rendered":"http:\/\/bellagirlmagazin.hu\/?p=5594"},"modified":"2024-04-08T12:57:19","modified_gmt":"2024-04-08T10:57:19","slug":"gondolatok-az-abortuszrol","status":"publish","type":"post","link":"https:\/\/bellagirlmagazin.hu\/?p=5594","title":{"rendered":"Gondolatok az abortuszr\u00f3l"},"content":{"rendered":"<p><strong>Ahogy olvastam az abortuszr\u00f3l sz\u00f3l\u00f3 statisztik\u00e1kat, jelent\u00e9seket \u00e9s \u00e9rtekez\u00e9seket, akarva-akaratlanul is egy-egy szem\u00e9lyes besz\u00e1mol\u00f3ra bukkantam. Ezek a megr\u00e1z\u00f3 t\u00f6rt\u00e9netek korombeli (vagy m\u00e9g fiatalabb) l\u00e1nyokr\u00f3l sz\u00f3lnak, akiknek sz\u00e1momra ismeretlen d\u00f6nt\u00e9seket kellett meghozniuk.<\/strong><\/p>\n<p>Ezek a l\u00e1nyok nagyon fiatalon lettek terhesek, \u00e9s el kellett d\u00f6nteni\u00fck, mit tegyenek a sz\u00edv\u00fck alatt n\u00f6veked\u0151 magzattal. Volt, aki megsz\u00fclte \u00e9s felnevelte, vagy \u00f6r\u00f6kbe adta; volt, aki elvetette a bab\u00e1t. B\u00e1rhogyan is d\u00f6nt\u00f6ttek, mindegyik csoportb\u00f3l volt olyan, aki megk\u00f6nnyebb\u00fclt, volt, aki sz\u00e9gyenkezett, \u00e9s aki megb\u00e1nta a d\u00f6nt\u00e9s\u00e9t. Valaki k\u00f6nnyen t\u00faltette mag\u00e1t a dolgon, m\u00e1s az\u00f3ta is hordozza a terh\u00e9t. K\u00edv\u00fcl\u00e1ll\u00f3k\u00e9nt k\u00f6nny\u0171 megmondani, mi hogyan cselekedn\u00e9nk egy ilyen szitu\u00e1ci\u00f3ban, de a legnagyobb emp\u00e1ti\u00e1val \u00e9s j\u00f3sz\u00e1nd\u00e9kkal sem tudjuk \u00e1t\u00e9rezni annak a szem\u00e9lynek a helyzet\u00e9t, akinek v\u00e9g\u00fcl meg kell hoznia a d\u00f6nt\u00e9st. J\u00f3, ha megismerj\u00fck&nbsp; a jelent\u0151sebb vezet\u0151k, szervezetek, mozgalmak, korm\u00e1nyok szeml\u00e9letm\u00f3dj\u00e1t az abortuszt illet\u0151en, m\u00e9gis, v\u00e9gs\u0151 soron nem \u0151k fogj\u00e1k eld\u00f6nteni, hogy vil\u00e1gra j\u00f6n-e egy gyermek vagy nem.<\/p>\n<p>A nemzetk\u00f6zi szakirodalomb\u00f3l egy\u00e9rtelm\u0171en kider\u00fcl, hogy att\u00f3l, hogy az abortuszt tilt\u00f3list\u00e1ra helyezik, a sz\u00e1muk nem cs\u00f6kken, s\u0151t, az illeg\u00e1lisan (vagyis a nem biztons\u00e1gos k\u00f6r\u00fclm\u00e9nyek k\u00f6z\u00f6tt) v\u00e9grehajtott abortuszok sz\u00e1ma megn\u0151 (InfoTablo \u2013 2019. j\u00falius 11.; WHO).<\/p>\n<p><strong>Magyarorsz\u00e1gon a terhess\u00e9gmegszak\u00edt\u00e1sok sz\u00e1ma \u00f6sszess\u00e9g\u00e9ben cs\u00f6kken\u0151 tendenci\u00e1t mutat, (ez 2016-ban 30,4 ezer magzatot jelentett), viszont&nbsp; a 15\u201319 \u00e9ves tini l\u00e1nyok k\u00f6r\u00e9ben n\u0151tt a sz\u00e1muk: m\u00e9g mindig rengeteg n\u0151 ker\u00fcl v\u00e1ls\u00e1ghelyzetbe.<\/strong><\/p>\n<p>Szerz\u0151: Terecskei Aliz<\/p>\n<p><strong>A teljes cikk a nyomtatott Bella Girl Magazinunk negyedik sz\u00e1m\u00e1ban olvashat\u00f3.&nbsp;<a href=\"https:\/\/bellagirlmagazin.hu\/nyomtatott-magazin\/magazin-elofizetes\/\">IDE<\/a>&nbsp;kattintva a nyomtatott magazin el\u0151fizethet\u0151 \u00e9s a kor\u00e1bbi lapsz\u00e1m megrendelhet\u0151.<\/strong><\/p>\n","protected":false},"excerpt":{"rendered":"<p>Ahogy olvastam az abortuszr\u00f3l sz\u00f3l\u00f3 statisztik\u00e1kat, jelent\u00e9seket \u00e9s \u00e9rtekez\u00e9seket, akarva-akaratlanul is egy-egy szem\u00e9lyes besz\u00e1mol\u00f3ra bukkantam. Ezek a megr\u00e1z\u00f3 t\u00f6rt\u00e9netek korombeli (vagy m\u00e9g fiatalabb) l\u00e1nyokr\u00f3l sz\u00f3lnak, akiknek sz\u00e1momra ismeretlen d\u00f6nt\u00e9seket kellett meghozniuk. Ezek a l\u00e1nyok nagyon fiatalon lettek terhesek, \u00e9s el kellett d\u00f6nteni\u00fck, mit tegyenek a sz\u00edv\u00fck alatt n\u00f6veked\u0151 magzattal. Volt, aki megsz\u00fclte \u00e9s felnevelte, vagy&#8230;<a class=\"btnReadMore blake-von-hauer-font-3\" href=\"https:\/\/bellagirlmagazin.hu\/?p=5594\"> \/ TOV\u00c1BB OLVASOM \/<\/a><\/p>\n","protected":false},"author":6,"featured_media":5595,"comment_status":"open","ping_status":"closed","sticky":false,"template":"","format":"standard","meta":{"ngg_post_thumbnail":0,"footnotes":"","jetpack_publicize_message":"","jetpack_publicize_feature_enabled":true,"jetpack_social_post_already_shared":true,"jetpack_social_options":{"image_generator_settings":{"template":"highway","enabled":false}}},"categories":[422,420],"tags":[],"jetpack_publicize_connections":[],"aioseo_notices":[],"jetpack_featured_media_url":"https:\/\/i0.wp.com\/bellagirlmagazin.hu\/wp-content\/uploads\/2020\/01\/abortuszrol.jpg?fit=800%2C533&ssl=1","views":"","jetpack-related-posts":[],"jetpack_sharing_enabled":true,"_links":{"self":[{"href":"https:\/\/bellagirlmagazin.hu\/index.php?rest_route=\/wp\/v2\/posts\/5594"}],"collection":[{"href":"https:\/\/bellagirlmagazin.hu\/index.php?rest_route=\/wp\/v2\/posts"}],"about":[{"href":"https:\/\/bellagirlmagazin.hu\/index.php?rest_route=\/wp\/v2\/types\/post"}],"author":[{"embeddable":true,"href":"https:\/\/bellagirlmagazin.hu\/index.php?rest_route=\/wp\/v2\/users\/6"}],"replies":[{"embeddable":true,"href":"https:\/\/bellagirlmagazin.hu\/index.php?rest_route=%2Fwp%2Fv2%2Fcomments&post=5594"}],"version-history":[{"count":4,"href":"https:\/\/bellagirlmagazin.hu\/index.php?rest_route=\/wp\/v2\/posts\/5594\/revisions"}],"predecessor-version":[{"id":5606,"href":"https:\/\/bellagirlmagazin.hu\/index.php?rest_route=\/wp\/v2\/posts\/5594\/revisions\/5606"}],"wp:featuredmedia":[{"embeddable":true,"href":"https:\/\/bellagirlmagazin.hu\/index.php?rest_route=\/wp\/v2\/media\/5595"}],"wp:attachment":[{"href":"https:\/\/bellagirlmagazin.hu\/index.php?rest_route=%2Fwp%2Fv2%2Fmedia&parent=5594"}],"wp:term":[{"taxonomy":"category","embeddable":true,"href":"https:\/\/bellagirlmagazin.hu\/index.php?rest_route=%2Fwp%2Fv2%2Fcategories&post=5594"},{"taxonomy":"post_tag","embeddable":true,"href":"https:\/\/bellagirlmagazin.hu\/index.php?rest_route=%2Fwp%2Fv2%2Ftags&post=5594"}],"curies":[{"name":"wp","href":"https:\/\/api.w.org\/{rel}","templated":true}]}}